{"id":102,"date":"2021-07-26T17:26:00","date_gmt":"2021-07-26T15:26:00","guid":{"rendered":"https:\/\/klausgesprochen.de\/blog\/?p=102"},"modified":"2021-07-26T15:55:46","modified_gmt":"2021-07-26T13:55:46","slug":"neues-stahlross","status":"publish","type":"post","link":"https:\/\/klausgesprochen.de\/blog\/neues-stahlross\/","title":{"rendered":"Neues Stahlro\u00df"},"content":{"rendered":"\n<figure class=\"wp-block-image size-large\"><img loading=\"lazy\" decoding=\"async\" width=\"1024\" height=\"680\" src=\"https:\/\/klausgesprochen.de\/blog\/wp-content\/uploads\/rad_neu-1024x680.jpg\" alt=\"Fahrrad\" class=\"wp-image-103\" srcset=\"https:\/\/klausgesprochen.de\/blog\/wp-content\/uploads\/rad_neu-1024x680.jpg 1024w, https:\/\/klausgesprochen.de\/blog\/wp-content\/uploads\/rad_neu-300x199.jpg 300w, https:\/\/klausgesprochen.de\/blog\/wp-content\/uploads\/rad_neu-768x510.jpg 768w, https:\/\/klausgesprochen.de\/blog\/wp-content\/uploads\/rad_neu-1536x1020.jpg 1536w, https:\/\/klausgesprochen.de\/blog\/wp-content\/uploads\/rad_neu.jpg 2000w\" sizes=\"auto, (max-width: 1024px) 100vw, 1024px\" \/><figcaption>vsf Fahrradmanufaktur Randonneur Sport<\/figcaption><\/figure>\n\n\n\n<p>Weil Frau ein neues Rad wollte, hatte ich mich durch ein paar Ratgeber gelesen und dabei festgestellt, dass mein eigenes einen zu kleinen Rahmen hat. Das ist ein 56er Tourenrad von Villiger mit zum Kaufzeitpunkt  sagenhaften 7 G\u00e4ngen. <\/p>\n\n\n\n<p>Nur eben so eingerichtet, dass ich mit der Fu\u00dfspitze auf den Boden komme. Gut f\u00fcr den Stadtverkehr, schlecht f\u00fcr die optimale Leistung (siehe dazu <a href=\"https:\/\/kreisverbaende.adfc-nrw.de\/kv-bielefeld\/gesundheit\/ergonomie.html\">Ergonomie ADFC NRW<\/a>, bzw. Buch &#8222;Richtig sitzen &#8211; locker Radfahren &#8211; Ergonomie am Fahrrad&#8220; von Juliane Neu\u00df; Zitat zur Sattelh\u00f6he: &#8222;Es hei\u00dft Rad fahren, nicht Rad stehen&#8220;).<br><br>Nachdem Gott und die Welt in der Corona-Zeit Fahrr\u00e4der gekauft hatte und die Lager lotterleer sind, hatte ich die Hoffnung aufgegeben. <a href=\"https:\/\/mark-binder.com\/\">Mark<\/a> hatte mir zur Aufmunterung Links zu g\u00fcnstigen Gebrauchtstahlr\u00e4dern f\u00fcr den kr\u00e4ftigen Herrn geschickt. <\/p>\n\n\n\n<p>Da entdeckte ich bei <a href=\"https:\/\/radundtat.net\/\">Rad und Tat<\/a> in Karlsruhe ein Randonneur Sport von der Fahrradmanufaktur mit 57er Rahmen. Eigentlich hatte ich mich eher nach dem Modell Randonneur Lite umgeschaut. Das hat einige Vorz\u00fcge, aber fast 12 Monate Lieferzeit (und kostet einiges mehr)<\/p>\n\n\n\n<p>Weil ich mir unsicher war, ob ich mit dem Rennlenker und der ge\u00e4nderten Haltung zurechtkomme, habe ich eine ausgiebige Probefahrt gemacht. Und am n\u00e4chsten Tag noch eine. Boah, der Verkehr in der gro\u00dfen Stadt ist &#8211; gew\u00f6hnungsbed\u00fcrftig. Aber dieses Rad: das will rollen, einfach immer weiter und weiter &#8230;<\/p>\n\n\n\n<p>Schlie\u00dflich habe ich das &#8222;Sport&#8220; gekauft, mit nachger\u00fcstetem Gep\u00e4cktr\u00e4ger und einem Scherenschloss samt Halterung. Und einer Satteltasche f\u00fcr den Krimskrams, den man so dabei hat. Und so ein kleines &#8222;Ratchet Kit&#8220; von Lezyne f\u00fcr Unterwegs.<\/p>\n\n\n\n<p>Das Rad ist eine Mischung aus allem: 37mm breite, feldwegtaugliche Reifen, Rennlenker, Nabendynamo mit Standlicht, vorne 3 Kettenbl\u00e4tter, St\u00e4nder, Gep\u00e4cktr\u00e4ger. Passt.<\/p>\n\n\n\n<p>Einzig der Sattel f\u00fchlt sich noch ungewohnt und bretthart an. Ich lieb\u00e4ugle ja mit einem Brooks-Sattel. Hm. Schaun&#8217;wer mal \ud83d\ude09<\/p>\n","protected":false},"excerpt":{"rendered":"<p>Weil Frau ein neues Rad wollte, hatte ich mich durch ein paar Ratgeber gelesen und dabei festgestellt, dass mein eigenes einen zu kleinen Rahmen hat. Das ist ein 56er Tourenrad von Villiger mit zum Kaufzeitpunkt sagenhaften 7 G\u00e4ngen. Nur eben so eingerichtet, dass ich mit der Fu\u00dfspitze auf den Boden komme. Gut f\u00fcr den Stadtverkehr, &hellip; <a href=\"https:\/\/klausgesprochen.de\/blog\/neues-stahlross\/\" class=\"more-link\"><span class=\"screen-reader-text\">Neues Stahlro\u00df<\/span> weiterlesen<\/a><\/p>\n","protected":false},"author":5,"featured_media":0,"comment_status":"open","ping_status":"open","sticky":false,"template":"","format":"standard","meta":{"footnotes":"","_share_on_mastodon":"0"},"categories":[7],"tags":[],"class_list":["post-102","post","type-post","status-publish","format-standard","hentry","category-rad"],"share_on_mastodon":{"url":"","error":""},"_links":{"self":[{"href":"https:\/\/klausgesprochen.de\/blog\/wp-json\/wp\/v2\/posts\/102","targetHints":{"allow":["GET"]}}],"collection":[{"href":"https:\/\/klausgesprochen.de\/blog\/wp-json\/wp\/v2\/posts"}],"about":[{"href":"https:\/\/klausgesprochen.de\/blog\/wp-json\/wp\/v2\/types\/post"}],"author":[{"embeddable":true,"href":"https:\/\/klausgesprochen.de\/blog\/wp-json\/wp\/v2\/users\/5"}],"replies":[{"embeddable":true,"href":"https:\/\/klausgesprochen.de\/blog\/wp-json\/wp\/v2\/comments?post=102"}],"version-history":[{"count":0,"href":"https:\/\/klausgesprochen.de\/blog\/wp-json\/wp\/v2\/posts\/102\/revisions"}],"wp:attachment":[{"href":"https:\/\/klausgesprochen.de\/blog\/wp-json\/wp\/v2\/media?parent=102"}],"wp:term":[{"taxonomy":"category","embeddable":true,"href":"https:\/\/klausgesprochen.de\/blog\/wp-json\/wp\/v2\/categories?post=102"},{"taxonomy":"post_tag","embeddable":true,"href":"https:\/\/klausgesprochen.de\/blog\/wp-json\/wp\/v2\/tags?post=102"}],"curies":[{"name":"wp","href":"https:\/\/api.w.org\/{rel}","templated":true}]}}