{"id":1077,"date":"2025-08-21T12:20:00","date_gmt":"2025-08-21T10:20:00","guid":{"rendered":"https:\/\/klausgesprochen.de\/blog\/?p=1077"},"modified":"2025-10-02T14:27:05","modified_gmt":"2025-10-02T12:27:05","slug":"themenwechsel-2","status":"publish","type":"post","link":"https:\/\/klausgesprochen.de\/blog\/themenwechsel-2\/","title":{"rendered":"Themenwechsel"},"content":{"rendered":"\n<p>Eigentlich sieht mein Blog sowieso immer gleich aus. Blaue Navigationsleiste oben, links die Beitragstexte, rechts die Sidebar, Hintergrund bla\u00dfgelb (soll die Lesbarkeit erh\u00f6hen), Breite orientiert an der alten Regel &#8222;acht Worte in einer Zeile&#8220;.<\/p>\n\n\n\n<figure class=\"wp-block-image size-large\"><img loading=\"lazy\" decoding=\"async\" width=\"1024\" height=\"979\" src=\"https:\/\/klausgesprochen.de\/blog\/wp-content\/uploads\/blg_thm_gelb-blau-1024x979.png\" alt=\"Screen Shot altes Blogdesign\" class=\"wp-image-1073\" srcset=\"https:\/\/klausgesprochen.de\/blog\/wp-content\/uploads\/blg_thm_gelb-blau-1024x979.png 1024w, https:\/\/klausgesprochen.de\/blog\/wp-content\/uploads\/blg_thm_gelb-blau-300x287.png 300w, https:\/\/klausgesprochen.de\/blog\/wp-content\/uploads\/blg_thm_gelb-blau-768x735.png 768w, https:\/\/klausgesprochen.de\/blog\/wp-content\/uploads\/blg_thm_gelb-blau.png 1332w\" sizes=\"auto, (max-width: 1024px) 100vw, 1024px\" \/><\/figure>\n\n\n\n<p>Bisher lief das hier mit <a href=\"https:\/\/generatepress.com\/\">GeneratePress<\/a>. Wobei sich bei der Darstellung der letzten Kommentare in der Sidebar ein Darstellungsfehler eingeschlichen hat. Und die Beitr\u00e4ge in K\u00e4stchen mit farblich anderem breiten Rand gef\u00e4llt mir auch nicht mehr so richtig.<\/p>\n\n\n\n<p>Da trifft es sich gut, dass ich \u00fcber das <a href=\"https:\/\/larsreineke.de\/\">Blog von Lars Reineke<\/a> gestolpert bin. Das dort verwendete <a href=\"https:\/\/wordpress.com\/theme\/penscratch-2\">Theme &#8222;Penscratch&#8220;<\/a> hat mir auf Anhieb gut gefallen. Musste ich gleich ausprobieren. Mal sehen, ob es mir in ein paar Tagen immer noch gef\u00e4llt \ud83d\ude09<\/p>\n\n\n\n<p>PS (Ende September): So ganz gelungen fand ich &#8222;Penscratch&#8220; doch nicht. Da war mir zu viel Grau bei den Schriften. Und ich hatte keinen Nerv, das entsprechende CSS zu identifizieren und zu \u00e4ndern. Deswegen gibt es jetzt kurzerhand &#8222;Graphy&#8220; von <a href=\"https:\/\/themegraphy.com\/\">https:\/\/themegraphy.com\/<\/a><\/p>\n\n\n\n<p>PPS: Irgendwie gibt es zu viele Blogs mit &#8222;Graphy&#8220; oder stark \u00e4hnlichen Blogs. Deswegen bin ich immer noch auf der Suche &#8230;<\/p>\n","protected":false},"excerpt":{"rendered":"<p>Eigentlich sieht mein Blog sowieso immer gleich aus. Blaue Navigationsleiste oben, links die Beitragstexte, rechts die Sidebar, Hintergrund bla\u00dfgelb (soll die Lesbarkeit erh\u00f6hen), Breite orientiert an der alten Regel &#8222;acht Worte in einer Zeile&#8220;. Bisher lief das hier mit GeneratePress. Wobei sich bei der Darstellung der letzten Kommentare in der Sidebar ein Darstellungsfehler eingeschlichen hat. &hellip; <a href=\"https:\/\/klausgesprochen.de\/blog\/themenwechsel-2\/\" class=\"more-link\"><span class=\"screen-reader-text\">Themenwechsel<\/span> weiterlesen<\/a><\/p>\n","protected":false},"author":5,"featured_media":0,"comment_status":"open","ping_status":"open","sticky":false,"template":"","format":"standard","meta":{"footnotes":"","_share_on_mastodon":"0"},"categories":[6],"tags":[],"class_list":["post-1077","post","type-post","status-publish","format-standard","hentry","category-wordpress"],"share_on_mastodon":{"url":"","error":""},"_links":{"self":[{"href":"https:\/\/klausgesprochen.de\/blog\/wp-json\/wp\/v2\/posts\/1077","targetHints":{"allow":["GET"]}}],"collection":[{"href":"https:\/\/klausgesprochen.de\/blog\/wp-json\/wp\/v2\/posts"}],"about":[{"href":"https:\/\/klausgesprochen.de\/blog\/wp-json\/wp\/v2\/types\/post"}],"author":[{"embeddable":true,"href":"https:\/\/klausgesprochen.de\/blog\/wp-json\/wp\/v2\/users\/5"}],"replies":[{"embeddable":true,"href":"https:\/\/klausgesprochen.de\/blog\/wp-json\/wp\/v2\/comments?post=1077"}],"version-history":[{"count":6,"href":"https:\/\/klausgesprochen.de\/blog\/wp-json\/wp\/v2\/posts\/1077\/revisions"}],"predecessor-version":[{"id":1149,"href":"https:\/\/klausgesprochen.de\/blog\/wp-json\/wp\/v2\/posts\/1077\/revisions\/1149"}],"wp:attachment":[{"href":"https:\/\/klausgesprochen.de\/blog\/wp-json\/wp\/v2\/media?parent=1077"}],"wp:term":[{"taxonomy":"category","embeddable":true,"href":"https:\/\/klausgesprochen.de\/blog\/wp-json\/wp\/v2\/categories?post=1077"},{"taxonomy":"post_tag","embeddable":true,"href":"https:\/\/klausgesprochen.de\/blog\/wp-json\/wp\/v2\/tags?post=1077"}],"curies":[{"name":"wp","href":"https:\/\/api.w.org\/{rel}","templated":true}]}}