{"id":1221,"date":"2026-02-27T19:51:48","date_gmt":"2026-02-27T18:51:48","guid":{"rendered":"https:\/\/klausgesprochen.de\/blog\/?p=1221"},"modified":"2026-02-27T19:58:56","modified_gmt":"2026-02-27T18:58:56","slug":"am-rhein","status":"publish","type":"post","link":"https:\/\/klausgesprochen.de\/blog\/am-rhein\/","title":{"rendered":"Am Rhein"},"content":{"rendered":"\n<p>Der erste sonnige Tag des Jahres &#8211; \u00e4h, naja, der erste, an dem ich Zeit hatte f\u00fcr einen kleinen Radausflug mit der Kamera. Sollte ich verdammt noch mal viel \u00f6fter machen.<\/p>\n\n\n\n<p>Nikon D780, Nikkor 50mm\/1,8<\/p>\n\n\n\n<figure class=\"wp-block-gallery has-nested-images columns-1 is-cropped wp-block-gallery-1 is-layout-flex wp-block-gallery-is-layout-flex\">\n<figure class=\"wp-block-image size-large\"><a href=\"https:\/\/klausgesprochen.de\/blog\/wp-content\/uploads\/N78_2008b.jpg\"><img loading=\"lazy\" decoding=\"async\" width=\"700\" height=\"1052\" data-id=\"1220\" src=\"https:\/\/klausgesprochen.de\/blog\/wp-content\/uploads\/N78_2008b-700x1052.jpg\" alt=\"\" class=\"wp-image-1220\" srcset=\"https:\/\/klausgesprochen.de\/blog\/wp-content\/uploads\/N78_2008b-700x1052.jpg 700w, https:\/\/klausgesprochen.de\/blog\/wp-content\/uploads\/N78_2008b-200x300.jpg 200w, https:\/\/klausgesprochen.de\/blog\/wp-content\/uploads\/N78_2008b-768x1154.jpg 768w, https:\/\/klausgesprochen.de\/blog\/wp-content\/uploads\/N78_2008b.jpg 907w\" sizes=\"auto, (max-width: 700px) 100vw, 700px\" \/><\/a><figcaption class=\"wp-element-caption\">Bach zum Rhein<\/figcaption><\/figure>\n\n\n\n<figure class=\"wp-block-image size-large\"><a href=\"https:\/\/klausgesprochen.de\/blog\/wp-content\/uploads\/N78_2012b.jpg\"><img loading=\"lazy\" decoding=\"async\" width=\"700\" height=\"466\" data-id=\"1219\" src=\"https:\/\/klausgesprochen.de\/blog\/wp-content\/uploads\/N78_2012b-700x466.jpg\" alt=\"\" class=\"wp-image-1219\" srcset=\"https:\/\/klausgesprochen.de\/blog\/wp-content\/uploads\/N78_2012b-700x466.jpg 700w, https:\/\/klausgesprochen.de\/blog\/wp-content\/uploads\/N78_2012b-300x200.jpg 300w, https:\/\/klausgesprochen.de\/blog\/wp-content\/uploads\/N78_2012b-768x512.jpg 768w, https:\/\/klausgesprochen.de\/blog\/wp-content\/uploads\/N78_2012b.jpg 1024w\" sizes=\"auto, (max-width: 700px) 100vw, 700px\" \/><\/a><figcaption class=\"wp-element-caption\">Der erste Schmetterling. M\u00fcsste eine Pfauenauge sein.<\/figcaption><\/figure>\n\n\n\n<figure class=\"wp-block-image size-large\"><a href=\"https:\/\/klausgesprochen.de\/blog\/wp-content\/uploads\/N78_2014b.jpg\"><img loading=\"lazy\" decoding=\"async\" width=\"700\" height=\"466\" data-id=\"1218\" src=\"https:\/\/klausgesprochen.de\/blog\/wp-content\/uploads\/N78_2014b-700x466.jpg\" alt=\"\" class=\"wp-image-1218\" srcset=\"https:\/\/klausgesprochen.de\/blog\/wp-content\/uploads\/N78_2014b-700x466.jpg 700w, https:\/\/klausgesprochen.de\/blog\/wp-content\/uploads\/N78_2014b-300x200.jpg 300w, https:\/\/klausgesprochen.de\/blog\/wp-content\/uploads\/N78_2014b-768x511.jpg 768w, https:\/\/klausgesprochen.de\/blog\/wp-content\/uploads\/N78_2014b.jpg 1024w\" sizes=\"auto, (max-width: 700px) 100vw, 700px\" \/><\/a><figcaption class=\"wp-element-caption\">Ein T\u00fcmpel mit schief stehenden B\u00e4umen.<\/figcaption><\/figure>\n\n\n\n<figure class=\"wp-block-image size-large\"><a href=\"https:\/\/klausgesprochen.de\/blog\/wp-content\/uploads\/N78_2017b.jpg\"><img loading=\"lazy\" decoding=\"async\" width=\"700\" height=\"1052\" data-id=\"1217\" src=\"https:\/\/klausgesprochen.de\/blog\/wp-content\/uploads\/N78_2017b-700x1052.jpg\" alt=\"\" class=\"wp-image-1217\" srcset=\"https:\/\/klausgesprochen.de\/blog\/wp-content\/uploads\/N78_2017b-700x1052.jpg 700w, https:\/\/klausgesprochen.de\/blog\/wp-content\/uploads\/N78_2017b-200x300.jpg 200w, https:\/\/klausgesprochen.de\/blog\/wp-content\/uploads\/N78_2017b-768x1154.jpg 768w, https:\/\/klausgesprochen.de\/blog\/wp-content\/uploads\/N78_2017b.jpg 907w\" sizes=\"auto, (max-width: 700px) 100vw, 700px\" \/><\/a><figcaption class=\"wp-element-caption\">B\u00e4ume spiegeln sich im Wasser<\/figcaption><\/figure>\n\n\n\n<figure class=\"wp-block-image size-large\"><a href=\"https:\/\/klausgesprochen.de\/blog\/wp-content\/uploads\/N78_2020b.jpg\"><img loading=\"lazy\" decoding=\"async\" width=\"700\" height=\"1052\" data-id=\"1216\" src=\"https:\/\/klausgesprochen.de\/blog\/wp-content\/uploads\/N78_2020b-700x1052.jpg\" alt=\"\" class=\"wp-image-1216\" srcset=\"https:\/\/klausgesprochen.de\/blog\/wp-content\/uploads\/N78_2020b-700x1052.jpg 700w, https:\/\/klausgesprochen.de\/blog\/wp-content\/uploads\/N78_2020b-200x300.jpg 200w, https:\/\/klausgesprochen.de\/blog\/wp-content\/uploads\/N78_2020b-768x1154.jpg 768w, https:\/\/klausgesprochen.de\/blog\/wp-content\/uploads\/N78_2020b.jpg 907w\" sizes=\"auto, (max-width: 700px) 100vw, 700px\" \/><\/a><figcaption class=\"wp-element-caption\">Ein verkr\u00fcmmter Baum am Ufer<\/figcaption><\/figure>\n\n\n\n<figure class=\"wp-block-image size-large\"><a href=\"https:\/\/klausgesprochen.de\/blog\/wp-content\/uploads\/N78_2023b.jpg\"><img loading=\"lazy\" decoding=\"async\" width=\"700\" height=\"466\" data-id=\"1215\" src=\"https:\/\/klausgesprochen.de\/blog\/wp-content\/uploads\/N78_2023b-700x466.jpg\" alt=\"\" class=\"wp-image-1215\" srcset=\"https:\/\/klausgesprochen.de\/blog\/wp-content\/uploads\/N78_2023b-700x466.jpg 700w, https:\/\/klausgesprochen.de\/blog\/wp-content\/uploads\/N78_2023b-300x200.jpg 300w, https:\/\/klausgesprochen.de\/blog\/wp-content\/uploads\/N78_2023b-768x511.jpg 768w, https:\/\/klausgesprochen.de\/blog\/wp-content\/uploads\/N78_2023b-1536x1022.jpg 1536w, https:\/\/klausgesprochen.de\/blog\/wp-content\/uploads\/N78_2023b.jpg 2024w\" sizes=\"auto, (max-width: 700px) 100vw, 700px\" \/><\/a><figcaption class=\"wp-element-caption\">Ein Frachtschiff auf dem Rhein, rechts der Uferweg.<\/figcaption><\/figure>\n<\/figure>\n","protected":false},"excerpt":{"rendered":"<p>Der erste sonnige Tag des Jahres &#8211; \u00e4h, naja, der erste, an dem ich Zeit hatte f\u00fcr einen kleinen Radausflug mit der Kamera. Sollte ich verdammt noch mal viel \u00f6fter machen. Nikon D780, Nikkor 50mm\/1,8<\/p>\n","protected":false},"author":5,"featured_media":0,"comment_status":"open","ping_status":"open","sticky":false,"template":"","format":"standard","meta":{"footnotes":"","_share_on_mastodon":"0"},"categories":[9,7],"tags":[49,48],"class_list":["post-1221","post","type-post","status-publish","format-standard","hentry","category-fotografie","category-rad","tag-germersheim","tag-rhein"],"share_on_mastodon":{"url":"https:\/\/social.klausgesprochen.de\/@klaus\/116144119083318286","error":""},"_links":{"self":[{"href":"https:\/\/klausgesprochen.de\/blog\/wp-json\/wp\/v2\/posts\/1221","targetHints":{"allow":["GET"]}}],"collection":[{"href":"https:\/\/klausgesprochen.de\/blog\/wp-json\/wp\/v2\/posts"}],"about":[{"href":"https:\/\/klausgesprochen.de\/blog\/wp-json\/wp\/v2\/types\/post"}],"author":[{"embeddable":true,"href":"https:\/\/klausgesprochen.de\/blog\/wp-json\/wp\/v2\/users\/5"}],"replies":[{"embeddable":true,"href":"https:\/\/klausgesprochen.de\/blog\/wp-json\/wp\/v2\/comments?post=1221"}],"version-history":[{"count":6,"href":"https:\/\/klausgesprochen.de\/blog\/wp-json\/wp\/v2\/posts\/1221\/revisions"}],"predecessor-version":[{"id":1228,"href":"https:\/\/klausgesprochen.de\/blog\/wp-json\/wp\/v2\/posts\/1221\/revisions\/1228"}],"wp:attachment":[{"href":"https:\/\/klausgesprochen.de\/blog\/wp-json\/wp\/v2\/media?parent=1221"}],"wp:term":[{"taxonomy":"category","embeddable":true,"href":"https:\/\/klausgesprochen.de\/blog\/wp-json\/wp\/v2\/categories?post=1221"},{"taxonomy":"post_tag","embeddable":true,"href":"https:\/\/klausgesprochen.de\/blog\/wp-json\/wp\/v2\/tags?post=1221"}],"curies":[{"name":"wp","href":"https:\/\/api.w.org\/{rel}","templated":true}]}}