{"id":412,"date":"2022-11-12T13:21:09","date_gmt":"2022-11-12T12:21:09","guid":{"rendered":"https:\/\/klausgesprochen.de\/blog\/?p=412"},"modified":"2022-11-14T07:00:26","modified_gmt":"2022-11-14T06:00:26","slug":"ciao-blauer-vogel","status":"publish","type":"post","link":"https:\/\/klausgesprochen.de\/blog\/ciao-blauer-vogel\/","title":{"rendered":"Ciao, blauer Vogel"},"content":{"rendered":"\n<p>Ich wei\u00df, dieses rein und raus macht viele ganz konfus &#8211; sorry. Bei all dem, was auf Twitter seit der \u00dcbernahme durch Herrn Musk passiert, kann man nur noch schreiend davon laufen.<\/p>\n\n\n\n<p>Ihr findet mich schon l\u00e4nger im Fediverse \/ Mastodon. Und neuerdings mit so vielen Accounts, dass ich selbst schon fast den \u00dcberblick verliere. Deshalb hier eine Liste. Ich bem\u00fche mich, auf jedem Account andere Dinge zu tun. Gelingt nicht immer.<\/p>\n\n\n\n<p>Wenn Ihr Fragen habt, nutzt die Kommentarfunktion.<\/p>\n\n\n\n<ul class=\"wp-block-list\">\n<li><a href=\"https:\/\/social.tchncs.de\/@klausgesprochen\">https:\/\/social.tchncs.de\/@klausgesprochen<\/a>  <br>bzw. @klausgesprochen@social.tchncs.de<br>Das ist sozusagen mein Hauptaccount, den habe ich seit 2021<br><\/li>\n\n\n\n<li><a href=\"https:\/\/literatur.social\/@klausgesprochen\">https:\/\/literatur.social\/@klausgesprochen<\/a>  <br>Als Kurzgeschichtenpodcaster finde ich ein Standbein bei literatur.social interessant. In der lokalen Timeline geht es oft um B\u00fccher und Geschichten. Au\u00dferdem muss ein Zweitaccount nicht schlecht sein, falls die sozusagen erste Instanz warum auch immer einmal eine Zeitlang offline w\u00e4re<br><\/li>\n\n\n\n<li><a href=\"https:\/\/podcasts.social\/@klausgesprochen\" data-type=\"URL\" data-id=\"https:\/\/podcasts.social\/@klausgesprochen\">https:\/\/podcasts.social\/@klausgesprochen<\/a>   <br>Als Podcaster bietet sich das an. Bin mir aber noch nicht ganz sicher, was ich damit mache.<br><\/li>\n\n\n\n<li><a href=\"https:\/\/social.tchncs.de\/@bluenotebigband\">https:\/\/social.tchncs.de\/@bluenotebigband<\/a><br>Wie der Name vermuten l\u00e4sst: Infos zur Band und zu Auftritten.<\/li>\n<\/ul>\n\n\n\n<p>Wenn Ihr mehr \u00fcber das Fediverse und Mastodon wissen m\u00f6chtet, kann ich Euch einen Artikel von Klaudia Zotzmann-Koch empfehlen: <a href=\"https:\/\/www.viennawriter.net\/blog\/mastodon-das-fediverse\/\" data-type=\"page\">Mastodon und das Fediverse<\/a>.<\/p>\n","protected":false},"excerpt":{"rendered":"<p>Ich wei\u00df, dieses rein und raus macht viele ganz konfus &#8211; sorry. Bei all dem, was auf Twitter seit der \u00dcbernahme durch Herrn Musk passiert, kann man nur noch schreiend davon laufen. Ihr findet mich schon l\u00e4nger im Fediverse \/ Mastodon. Und neuerdings mit so vielen Accounts, dass ich selbst schon fast den \u00dcberblick verliere. &hellip; <a href=\"https:\/\/klausgesprochen.de\/blog\/ciao-blauer-vogel\/\" class=\"more-link\"><span class=\"screen-reader-text\">Ciao, blauer Vogel<\/span> weiterlesen<\/a><\/p>\n","protected":false},"author":5,"featured_media":0,"comment_status":"open","ping_status":"open","sticky":false,"template":"","format":"standard","meta":{"footnotes":"","_share_on_mastodon":"0"},"categories":[16],"tags":[],"class_list":["post-412","post","type-post","status-publish","format-standard","hentry","category-internet"],"share_on_mastodon":{"url":"","error":""},"_links":{"self":[{"href":"https:\/\/klausgesprochen.de\/blog\/wp-json\/wp\/v2\/posts\/412","targetHints":{"allow":["GET"]}}],"collection":[{"href":"https:\/\/klausgesprochen.de\/blog\/wp-json\/wp\/v2\/posts"}],"about":[{"href":"https:\/\/klausgesprochen.de\/blog\/wp-json\/wp\/v2\/types\/post"}],"author":[{"embeddable":true,"href":"https:\/\/klausgesprochen.de\/blog\/wp-json\/wp\/v2\/users\/5"}],"replies":[{"embeddable":true,"href":"https:\/\/klausgesprochen.de\/blog\/wp-json\/wp\/v2\/comments?post=412"}],"version-history":[{"count":0,"href":"https:\/\/klausgesprochen.de\/blog\/wp-json\/wp\/v2\/posts\/412\/revisions"}],"wp:attachment":[{"href":"https:\/\/klausgesprochen.de\/blog\/wp-json\/wp\/v2\/media?parent=412"}],"wp:term":[{"taxonomy":"category","embeddable":true,"href":"https:\/\/klausgesprochen.de\/blog\/wp-json\/wp\/v2\/categories?post=412"},{"taxonomy":"post_tag","embeddable":true,"href":"https:\/\/klausgesprochen.de\/blog\/wp-json\/wp\/v2\/tags?post=412"}],"curies":[{"name":"wp","href":"https:\/\/api.w.org\/{rel}","templated":true}]}}