{"id":516,"date":"2023-07-26T18:06:00","date_gmt":"2023-07-26T16:06:00","guid":{"rendered":"https:\/\/klausgesprochen.de\/blog\/?p=516"},"modified":"2023-07-27T10:48:50","modified_gmt":"2023-07-27T08:48:50","slug":"neues-audiointerface","status":"publish","type":"post","link":"https:\/\/klausgesprochen.de\/blog\/neues-audiointerface\/","title":{"rendered":"Neues Audiointerface"},"content":{"rendered":"\n<figure class=\"wp-block-gallery has-nested-images columns-default is-cropped wp-block-gallery-1 is-layout-flex wp-block-gallery-is-layout-flex\">\n<figure class=\"wp-block-image size-large\"><a href=\"https:\/\/klausgesprochen.de\/blog\/wp-content\/uploads\/audio_interfaces.jpg\"><img loading=\"lazy\" decoding=\"async\" width=\"1024\" height=\"467\" data-id=\"518\" src=\"https:\/\/klausgesprochen.de\/blog\/wp-content\/uploads\/audio_interfaces-1024x467.jpg\" alt=\"Foto Audiointerfaces\" class=\"wp-image-518\" srcset=\"https:\/\/klausgesprochen.de\/blog\/wp-content\/uploads\/audio_interfaces-1024x467.jpg 1024w, https:\/\/klausgesprochen.de\/blog\/wp-content\/uploads\/audio_interfaces-300x137.jpg 300w, https:\/\/klausgesprochen.de\/blog\/wp-content\/uploads\/audio_interfaces-768x350.jpg 768w, https:\/\/klausgesprochen.de\/blog\/wp-content\/uploads\/audio_interfaces.jpg 1269w\" sizes=\"auto, (max-width: 1024px) 100vw, 1024px\" \/><\/a><\/figure>\n<\/figure>\n\n\n\n<h2 class=\"wp-block-heading\">Was ist das denn?<\/h2>\n\n\n\n<p>Eine Schnittstelle. Einfach erkl\u00e4rt: auf der einen Seite st\u00f6pselt man Mikrophonkabel und Kopfh\u00f6rer ein, auf der anderen Seite geht ein USB-Kabel zum Computer. \u00dcber eine entsprechende Software (z. B. Audacity) kann man damit Aufnahmen machen.<\/p>\n\n\n\n<h2 class=\"wp-block-heading\">Alt<\/h2>\n\n\n\n<p>Ganz am Anfang hatte ich Aufnahmen mit einem Handheld-Recorder gemacht. Um die Aufnahmen zu berabeiten, mussten die umst\u00e4ndlich auf den Computer \u00fcbertragen werden. Dann hatte ich ein gebrauchtes Tascam, dessen Bezeichnung ich vergessen habe. Lief unter Linux suboptimal.<\/p>\n\n\n\n<p>Deshalb habe ich mir dann vor etlichen Jahren ein Focusrite Scarlett 2i4 gekauft. Auspacken, einst\u00f6pseln, funktioniert. Nur mittlerweile nicht mehr so richtig. Die Kopfh\u00f6rerbuchse hat einen Defekt. Manchmal h\u00f6re ich nur einen Kanal, manchmal gar nichts. Herumwackeln hilft, ist aber keine L\u00f6sung. Deshalb musste ein Ersatz her.<\/p>\n\n\n\n<h2 class=\"wp-block-heading\">Neu<\/h2>\n\n\n\n<p>Ich habe mich dunkel erinnert, dass mir zu Anfang von einem Toningenieur die Presonus Audiobox empfohlen worden war. Weil die damals mit Linux nicht so richtig zu laufen schien, hatte ich das Focusrite gekauft. Das schien sich mittlerweile ge\u00e4ndert zu haben. Und weil die Audiobox USB 96 unschlagbar preiswert angeboten wird, habe ich die beim gro\u00dfen &#8222;T&#8220; bestellt.<\/p>\n\n\n\n<p>Ausgepackt, eingest\u00f6pselt, Audacity aufgerufen &#8211; funktioniert. So w\u00fcnscht man sich das.<\/p>\n\n\n\n<h2 class=\"wp-block-heading\">Vergleich<\/h2>\n\n\n\n<p>Ein Vergleich ist immer schwierig, wenn man vor dem Mikrofon steht und einen Text liest, erst mit dem einen Ger\u00e4t, dann mit dem anderen. Die Entfernung zum Mikrofon ist nicht exakt gleich, der Winkel variiert. Ganz abgesehen von den Schwankungen beim Sprechen.<\/p>\n\n\n\n<p>Mit dem teuren Kopfh\u00f6rer und der nur verst\u00e4rkten, sonst unbearbeiteten Sprachaufnahme fand ich den Klang der Presonus Audiobox transparenter, volumin\u00f6ser. Insgesamt besser. <\/p>\n\n\n\n<p>Nun stellt man aber keine unkomprimierten Audiodateien als Podcast zur Verf\u00fcgung. \u00dcblicherweise komprimiere ich die mp3-Dateien auf 128 kBit\/s. Damit und mit meiner \u00fcblichen Podcast-Abh\u00f6rkombination Handy \/ preiswerter Bluetooth-Kopfh\u00f6rer klang das Presonus ein wenig sch\u00e4rfer, mehr mittig, &#8222;k\u00e4lter&#8220; als das Focusrite. Aber minimal und nur im direkten Vergleich f\u00fcr mich h\u00f6rbar. Ich wette, dass der kleine Unterscheid den Zuh\u00f6rern ohne Vergleichsm\u00f6glichkeit gar nicht auff\u00e4llt. Und ich glaube, dass es f\u00fcr die Sprachverst\u00e4ndlichkeit besser ist.<\/p>\n\n\n\n<figure class=\"wp-block-audio\"><audio controls src=\"https:\/\/klausgesprochen.de\/wp-content\/uploads\/20230724_focusrite-presonus20.mp3\"><\/audio><\/figure>\n\n\n\n<h2 class=\"wp-block-heading\">Fazit<\/h2>\n\n\n\n<p>Die <a href=\"https:\/\/www.presonus.com\/de\/interfaces\/usb-audio-interfaces\/audiobox-series\/2777700105.html\">Presonus Audiobox 96 &#8222;25th Anniversary Edition&#8220;<\/a> ist meiner bescheidenen Meinung nach f\u00fcr Sprachaufnahmen ein erstaunlich preiswertes Interface, das einen ordentlichen Klang liefert. Das einzige Manko ist die Kopfh\u00f6rerbuchse, f\u00fcr die auf der Vorderseite kein Platz mehr war. Die dicht zusammenliegenden Drehregler sind ein bisschen fummelig.<\/p>\n\n\n\n<p>Die mitgelieferte Software habe ich bisher nicht getestet, weil das unter Linux vermutlich nur mit erheblichem Aufwand geht und ich sie eigentlich nicht brauche.<\/p>\n","protected":false},"excerpt":{"rendered":"<p>Was ist das denn? Eine Schnittstelle. Einfach erkl\u00e4rt: auf der einen Seite st\u00f6pselt man Mikrophonkabel und Kopfh\u00f6rer ein, auf der anderen Seite geht ein USB-Kabel zum Computer. \u00dcber eine entsprechende Software (z. B. Audacity) kann man damit Aufnahmen machen. Alt Ganz am Anfang hatte ich Aufnahmen mit einem Handheld-Recorder gemacht. Um die Aufnahmen zu berabeiten, &hellip; <a href=\"https:\/\/klausgesprochen.de\/blog\/neues-audiointerface\/\" class=\"more-link\"><span class=\"screen-reader-text\">Neues Audiointerface<\/span> weiterlesen<\/a><\/p>\n","protected":false},"author":5,"featured_media":0,"comment_status":"open","ping_status":"open","sticky":false,"template":"","format":"standard","meta":{"footnotes":"","_share_on_mastodon":"0"},"categories":[5],"tags":[],"class_list":["post-516","post","type-post","status-publish","format-standard","hentry","category-audo"],"share_on_mastodon":{"url":"","error":""},"_links":{"self":[{"href":"https:\/\/klausgesprochen.de\/blog\/wp-json\/wp\/v2\/posts\/516","targetHints":{"allow":["GET"]}}],"collection":[{"href":"https:\/\/klausgesprochen.de\/blog\/wp-json\/wp\/v2\/posts"}],"about":[{"href":"https:\/\/klausgesprochen.de\/blog\/wp-json\/wp\/v2\/types\/post"}],"author":[{"embeddable":true,"href":"https:\/\/klausgesprochen.de\/blog\/wp-json\/wp\/v2\/users\/5"}],"replies":[{"embeddable":true,"href":"https:\/\/klausgesprochen.de\/blog\/wp-json\/wp\/v2\/comments?post=516"}],"version-history":[{"count":0,"href":"https:\/\/klausgesprochen.de\/blog\/wp-json\/wp\/v2\/posts\/516\/revisions"}],"wp:attachment":[{"href":"https:\/\/klausgesprochen.de\/blog\/wp-json\/wp\/v2\/media?parent=516"}],"wp:term":[{"taxonomy":"category","embeddable":true,"href":"https:\/\/klausgesprochen.de\/blog\/wp-json\/wp\/v2\/categories?post=516"},{"taxonomy":"post_tag","embeddable":true,"href":"https:\/\/klausgesprochen.de\/blog\/wp-json\/wp\/v2\/tags?post=516"}],"curies":[{"name":"wp","href":"https:\/\/api.w.org\/{rel}","templated":true}]}}