{"id":735,"date":"2024-03-02T16:40:34","date_gmt":"2024-03-02T15:40:34","guid":{"rendered":"https:\/\/klausgesprochen.de\/blog\/?p=735"},"modified":"2024-03-02T16:40:35","modified_gmt":"2024-03-02T15:40:35","slug":"radfahren-kw9-24","status":"publish","type":"post","link":"https:\/\/klausgesprochen.de\/blog\/radfahren-kw9-24\/","title":{"rendered":"Radfahren KW9\/24"},"content":{"rendered":"\n<p>Keine Heldentaten in dieser Woche. An einem Tag 5 km zur Verwaltung im Nachbarort und zur\u00fcck, an einem anderen ein St\u00fcck zur Bahn, am Zielort ein weiteres St\u00fcck und retour. Das alles nicht als Radtour, sondern um Besorgungen zu machen.<\/p>\n\n\n\n<p>Schlie\u00dflich wenigstens am Samstag eine kleine Tour zu meinem Lieblingspausenstop an der &#8222;Alten Ziegelei&#8220;. Auf dem Weg <em>hinter<\/em> dem Rheindamm kann man so richtig heizen. Aud dem Parallelweg direkt am Rhein sind viele Fu\u00dfg\u00e4nger unterwegs.<br>Strecke: 17,8 km, reine Fahrzeit 1:08 h, Durchschnittsgeschwindigkeit 15,7 km\/h (da war noch ein Lebensmitteleinkauf mit drin).<\/p>\n\n\n\n<figure class=\"wp-block-image size-large\"><img loading=\"lazy\" decoding=\"async\" width=\"1024\" height=\"768\" src=\"https:\/\/klausgesprochen.de\/blog\/wp-content\/uploads\/IMG_20240302_113827.jpg\" alt=\"\" class=\"wp-image-736\" srcset=\"https:\/\/klausgesprochen.de\/blog\/wp-content\/uploads\/IMG_20240302_113827.jpg 1024w, https:\/\/klausgesprochen.de\/blog\/wp-content\/uploads\/IMG_20240302_113827-300x225.jpg 300w, https:\/\/klausgesprochen.de\/blog\/wp-content\/uploads\/IMG_20240302_113827-768x576.jpg 768w\" sizes=\"auto, (max-width: 1024px) 100vw, 1024px\" \/><figcaption class=\"wp-element-caption\">Blaue Bierb\u00e4nke, links eine unscharfe Bierflasche, im Hintergrund der Rhein. Wer genau hinschaut, sieht mein Fahrrad.<\/figcaption><\/figure>\n","protected":false},"excerpt":{"rendered":"<p>Keine Heldentaten in dieser Woche. An einem Tag 5 km zur Verwaltung im Nachbarort und zur\u00fcck, an einem anderen ein St\u00fcck zur Bahn, am Zielort ein weiteres St\u00fcck und retour. Das alles nicht als Radtour, sondern um Besorgungen zu machen. Schlie\u00dflich wenigstens am Samstag eine kleine Tour zu meinem Lieblingspausenstop an der &#8222;Alten Ziegelei&#8220;. Auf &hellip; <a href=\"https:\/\/klausgesprochen.de\/blog\/radfahren-kw9-24\/\" class=\"more-link\"><span class=\"screen-reader-text\">Radfahren KW9\/24<\/span> weiterlesen<\/a><\/p>\n","protected":false},"author":5,"featured_media":0,"comment_status":"open","ping_status":"open","sticky":false,"template":"","format":"standard","meta":{"footnotes":"","_share_on_mastodon":"0"},"categories":[7],"tags":[],"class_list":["post-735","post","type-post","status-publish","format-standard","hentry","category-rad"],"share_on_mastodon":{"url":"","error":""},"_links":{"self":[{"href":"https:\/\/klausgesprochen.de\/blog\/wp-json\/wp\/v2\/posts\/735","targetHints":{"allow":["GET"]}}],"collection":[{"href":"https:\/\/klausgesprochen.de\/blog\/wp-json\/wp\/v2\/posts"}],"about":[{"href":"https:\/\/klausgesprochen.de\/blog\/wp-json\/wp\/v2\/types\/post"}],"author":[{"embeddable":true,"href":"https:\/\/klausgesprochen.de\/blog\/wp-json\/wp\/v2\/users\/5"}],"replies":[{"embeddable":true,"href":"https:\/\/klausgesprochen.de\/blog\/wp-json\/wp\/v2\/comments?post=735"}],"version-history":[{"count":0,"href":"https:\/\/klausgesprochen.de\/blog\/wp-json\/wp\/v2\/posts\/735\/revisions"}],"wp:attachment":[{"href":"https:\/\/klausgesprochen.de\/blog\/wp-json\/wp\/v2\/media?parent=735"}],"wp:term":[{"taxonomy":"category","embeddable":true,"href":"https:\/\/klausgesprochen.de\/blog\/wp-json\/wp\/v2\/categories?post=735"},{"taxonomy":"post_tag","embeddable":true,"href":"https:\/\/klausgesprochen.de\/blog\/wp-json\/wp\/v2\/tags?post=735"}],"curies":[{"name":"wp","href":"https:\/\/api.w.org\/{rel}","templated":true}]}}