{"id":789,"date":"2024-04-12T18:38:04","date_gmt":"2024-04-12T16:38:04","guid":{"rendered":"https:\/\/klausgesprochen.de\/blog\/?p=789"},"modified":"2024-04-12T18:39:08","modified_gmt":"2024-04-12T16:39:08","slug":"radfahren-kw15-24-nachtrag","status":"publish","type":"post","link":"https:\/\/klausgesprochen.de\/blog\/radfahren-kw15-24-nachtrag\/","title":{"rendered":"Radfahren KW15\/24 Nachtrag"},"content":{"rendered":"\n<p>Nachdem heute grandiotastisches Wetter war &#8211; ich wei\u00df, viel zu warm f\u00fcr die Jahreszeit, Anfang April! &#8211; habe ich mich aufs Rad gesetzt. Endlich die neue kurze Hose einweihen. Weil die Sonne heftig gebrannt hat, habe ich die Sonnencreme mit LF 50 aus dem Schrank gesucht. Ich glaube, das ist wie mit Wein: wenn es Weinstein bzw. hier Klumpen gibt, sollte man das z\u00fcgig verbrauchen und ersetzen.<\/p>\n\n\n\n<p>Wollte eigentlich nur ein bisschen auf die Insel Elisabethenw\u00f6rth fahren und irgend eine Runde drehen. Weil es gar so gut lief, bin ich schlie\u00dflich am Rhein aufw\u00e4rts gefahren bis zur F\u00e4hre Leimersheim. Dort habe ich dann gemerkt, dass es an Training fehlt und reum\u00fctig am Navi den Knopf &#8222;Zur\u00fcck zum Ausgangspunkt&#8220; gedr\u00fcckt.<\/p>\n\n\n\n<p>Fazit: es hat schon seinen Sinn, dass man lieber zwei, dreimal die Woche 20 Minuten fahren soll, und nicht einmal die Woche eine unverh\u00e4ltnism\u00e4\u00dfig lange Strecke. Immerhin bin ich ein wenig schneller geworden. Trotzdem hat mich zwischendurch ein Radler mit Anh\u00e4nger \u00fcberholt. Ich hatte ja angenommen, dass der Motorunterst\u00fctzung h\u00e4tte, so wie der angeschossen kam. Fehlanzeige.<\/p>\n\n\n\n<p>Strecke: 43,8 km, reine Fahrzeit 2:10 h, Durchschnittsgeschwindigkeit 20,3 km\/h<\/p>\n","protected":false},"excerpt":{"rendered":"<p>Nachdem heute grandiotastisches Wetter war &#8211; ich wei\u00df, viel zu warm f\u00fcr die Jahreszeit, Anfang April! &#8211; habe ich mich aufs Rad gesetzt. Endlich die neue kurze Hose einweihen. Weil die Sonne heftig gebrannt hat, habe ich die Sonnencreme mit LF 50 aus dem Schrank gesucht. Ich glaube, das ist wie mit Wein: wenn es &hellip; <a href=\"https:\/\/klausgesprochen.de\/blog\/radfahren-kw15-24-nachtrag\/\" class=\"more-link\"><span class=\"screen-reader-text\">Radfahren KW15\/24 Nachtrag<\/span> weiterlesen<\/a><\/p>\n","protected":false},"author":5,"featured_media":0,"comment_status":"open","ping_status":"open","sticky":false,"template":"","format":"standard","meta":{"footnotes":"","_share_on_mastodon":"0"},"categories":[7],"tags":[],"class_list":["post-789","post","type-post","status-publish","format-standard","hentry","category-rad"],"share_on_mastodon":{"url":"","error":""},"_links":{"self":[{"href":"https:\/\/klausgesprochen.de\/blog\/wp-json\/wp\/v2\/posts\/789","targetHints":{"allow":["GET"]}}],"collection":[{"href":"https:\/\/klausgesprochen.de\/blog\/wp-json\/wp\/v2\/posts"}],"about":[{"href":"https:\/\/klausgesprochen.de\/blog\/wp-json\/wp\/v2\/types\/post"}],"author":[{"embeddable":true,"href":"https:\/\/klausgesprochen.de\/blog\/wp-json\/wp\/v2\/users\/5"}],"replies":[{"embeddable":true,"href":"https:\/\/klausgesprochen.de\/blog\/wp-json\/wp\/v2\/comments?post=789"}],"version-history":[{"count":0,"href":"https:\/\/klausgesprochen.de\/blog\/wp-json\/wp\/v2\/posts\/789\/revisions"}],"wp:attachment":[{"href":"https:\/\/klausgesprochen.de\/blog\/wp-json\/wp\/v2\/media?parent=789"}],"wp:term":[{"taxonomy":"category","embeddable":true,"href":"https:\/\/klausgesprochen.de\/blog\/wp-json\/wp\/v2\/categories?post=789"},{"taxonomy":"post_tag","embeddable":true,"href":"https:\/\/klausgesprochen.de\/blog\/wp-json\/wp\/v2\/tags?post=789"}],"curies":[{"name":"wp","href":"https:\/\/api.w.org\/{rel}","templated":true}]}}