{"id":792,"date":"2024-04-17T11:28:14","date_gmt":"2024-04-17T09:28:14","guid":{"rendered":"https:\/\/klausgesprochen.de\/blog\/?p=792"},"modified":"2024-04-17T11:32:02","modified_gmt":"2024-04-17T09:32:02","slug":"kurzportraet-beim-kom-in-netzwerk","status":"publish","type":"post","link":"https:\/\/klausgesprochen.de\/blog\/kurzportraet-beim-kom-in-netzwerk\/","title":{"rendered":"Kurzportr\u00e4t beim KOM-IN-Netzwerk"},"content":{"rendered":"\n<p>Ganz vergessen zu bloggen: beim <a href=\"https:\/\/www.kom-in.de\/\">KOM-IN-Netzwerk e. V.<\/a> gibt es seit M\u00e4rz einen kurzen Artikel \u00fcber mich: <a href=\"https:\/\/www.kom-in.de\/180\/klaus-neubauer-leidenschaft-fuers-musizieren-und-sprechen\">&#8222;Leidenschaft f\u00fcrs Musizieren und Sprechen&#8220;<\/a> (ich nehme dort ehrenamtlich f\u00fcr Blinde Artikel der Zeitschriften <a href=\"https:\/\/www.publik-forum.de\/\">&#8222;Publik Forum&#8220;<\/a> und &#8222;<a href=\"https:\/\/www.amnesty.de\/amnesty-journal-das-magazin-fuer-die-menschenrechte\">Amnesty Journal&#8220;<\/a> auf).<\/p>\n\n\n\n<p>Freut mich sehr, vielen Dank \ud83d\ude42<\/p>\n\n\n\n<p>#Audio #H\u00f6rbuch @komin@bildung.social <\/p>\n","protected":false},"excerpt":{"rendered":"<p>Ganz vergessen zu bloggen: beim KOM-IN-Netzwerk e. V. gibt es seit M\u00e4rz einen kurzen Artikel \u00fcber mich: &#8222;Leidenschaft f\u00fcrs Musizieren und Sprechen&#8220; (ich nehme dort ehrenamtlich f\u00fcr Blinde Artikel der Zeitschriften &#8222;Publik Forum&#8220; und &#8222;Amnesty Journal&#8220; auf). Freut mich sehr, vielen Dank \ud83d\ude42 #Audio #H\u00f6rbuch @komin@bildung.social<\/p>\n","protected":false},"author":5,"featured_media":0,"comment_status":"open","ping_status":"open","sticky":false,"template":"","format":"standard","meta":{"footnotes":"","_share_on_mastodon":"0"},"categories":[5],"tags":[],"class_list":["post-792","post","type-post","status-publish","format-standard","hentry","category-audo"],"share_on_mastodon":{"url":"","error":""},"_links":{"self":[{"href":"https:\/\/klausgesprochen.de\/blog\/wp-json\/wp\/v2\/posts\/792","targetHints":{"allow":["GET"]}}],"collection":[{"href":"https:\/\/klausgesprochen.de\/blog\/wp-json\/wp\/v2\/posts"}],"about":[{"href":"https:\/\/klausgesprochen.de\/blog\/wp-json\/wp\/v2\/types\/post"}],"author":[{"embeddable":true,"href":"https:\/\/klausgesprochen.de\/blog\/wp-json\/wp\/v2\/users\/5"}],"replies":[{"embeddable":true,"href":"https:\/\/klausgesprochen.de\/blog\/wp-json\/wp\/v2\/comments?post=792"}],"version-history":[{"count":0,"href":"https:\/\/klausgesprochen.de\/blog\/wp-json\/wp\/v2\/posts\/792\/revisions"}],"wp:attachment":[{"href":"https:\/\/klausgesprochen.de\/blog\/wp-json\/wp\/v2\/media?parent=792"}],"wp:term":[{"taxonomy":"category","embeddable":true,"href":"https:\/\/klausgesprochen.de\/blog\/wp-json\/wp\/v2\/categories?post=792"},{"taxonomy":"post_tag","embeddable":true,"href":"https:\/\/klausgesprochen.de\/blog\/wp-json\/wp\/v2\/tags?post=792"}],"curies":[{"name":"wp","href":"https:\/\/api.w.org\/{rel}","templated":true}]}}