{"id":882,"date":"2024-07-21T16:11:05","date_gmt":"2024-07-21T14:11:05","guid":{"rendered":"https:\/\/klausgesprochen.de\/blog\/?p=882"},"modified":"2025-08-29T14:53:41","modified_gmt":"2025-08-29T12:53:41","slug":"kurze-runde-zum-rhein","status":"publish","type":"post","link":"https:\/\/klausgesprochen.de\/blog\/kurze-runde-zum-rhein\/","title":{"rendered":"Kurze Runde zum Rhein"},"content":{"rendered":"\n<p>Damit ich bei der Hitze nicht in Versuchung komme, versehentlich eine l\u00e4ngere Tour zu fahren, bin ich mit dem alten Stahlro\u00df los. Mit dabei die Nikon D780 und das Nikkor 60mm Makro. Nur mal eben ein St\u00fcck am Rhein entlang.<\/p>\n\n\n\n<div class=\"wp-block-group\"><div class=\"wp-block-group__inner-container is-layout-constrained wp-block-group-is-layout-constrained\">\n<figure class=\"wp-block-gallery has-nested-images columns-1 is-cropped wp-block-gallery-1 is-layout-flex wp-block-gallery-is-layout-flex\">\n<figure class=\"wp-block-image size-large\"><a href=\"https:\/\/klausgesprochen.de\/blog\/wp-content\/uploads\/N78_0788b.jpg\"><img loading=\"lazy\" decoding=\"async\" width=\"1024\" height=\"681\" data-id=\"883\" src=\"https:\/\/klausgesprochen.de\/blog\/wp-content\/uploads\/N78_0788b-1024x681.jpg\" alt=\"Gem\u00e4htes Gras am Damm\" class=\"wp-image-883\" srcset=\"https:\/\/klausgesprochen.de\/blog\/wp-content\/uploads\/N78_0788b-1024x681.jpg 1024w, https:\/\/klausgesprochen.de\/blog\/wp-content\/uploads\/N78_0788b-300x200.jpg 300w, https:\/\/klausgesprochen.de\/blog\/wp-content\/uploads\/N78_0788b-768x511.jpg 768w, https:\/\/klausgesprochen.de\/blog\/wp-content\/uploads\/N78_0788b-1536x1022.jpg 1536w, https:\/\/klausgesprochen.de\/blog\/wp-content\/uploads\/N78_0788b.jpg 1623w\" sizes=\"auto, (max-width: 1024px) 100vw, 1024px\" \/><\/a><figcaption class=\"wp-element-caption\">Gem\u00e4htes Gras am Damm<\/figcaption><\/figure>\n\n\n\n<figure class=\"wp-block-image size-large\"><a href=\"https:\/\/klausgesprochen.de\/blog\/wp-content\/uploads\/N78_0792b.jpg\"><img loading=\"lazy\" decoding=\"async\" width=\"1024\" height=\"681\" data-id=\"877\" src=\"https:\/\/klausgesprochen.de\/blog\/wp-content\/uploads\/N78_0792b-1024x681.jpg\" alt=\"Hafen Germersheim\" class=\"wp-image-877\" srcset=\"https:\/\/klausgesprochen.de\/blog\/wp-content\/uploads\/N78_0792b-1024x681.jpg 1024w, https:\/\/klausgesprochen.de\/blog\/wp-content\/uploads\/N78_0792b-300x200.jpg 300w, https:\/\/klausgesprochen.de\/blog\/wp-content\/uploads\/N78_0792b-768x511.jpg 768w, https:\/\/klausgesprochen.de\/blog\/wp-content\/uploads\/N78_0792b-1536x1022.jpg 1536w, https:\/\/klausgesprochen.de\/blog\/wp-content\/uploads\/N78_0792b.jpg 1623w\" sizes=\"auto, (max-width: 1024px) 100vw, 1024px\" \/><\/a><figcaption class=\"wp-element-caption\">Hafen bei Germersheim<\/figcaption><\/figure>\n\n\n\n<figure class=\"wp-block-image size-large\"><a href=\"https:\/\/klausgesprochen.de\/blog\/wp-content\/uploads\/N78_0793b.jpg\"><img loading=\"lazy\" decoding=\"async\" width=\"1024\" height=\"681\" data-id=\"878\" src=\"https:\/\/klausgesprochen.de\/blog\/wp-content\/uploads\/N78_0793b-1024x681.jpg\" alt=\"Rad am Rheinufer\" class=\"wp-image-878\" srcset=\"https:\/\/klausgesprochen.de\/blog\/wp-content\/uploads\/N78_0793b-1024x681.jpg 1024w, https:\/\/klausgesprochen.de\/blog\/wp-content\/uploads\/N78_0793b-300x200.jpg 300w, https:\/\/klausgesprochen.de\/blog\/wp-content\/uploads\/N78_0793b-768x511.jpg 768w, https:\/\/klausgesprochen.de\/blog\/wp-content\/uploads\/N78_0793b-1536x1022.jpg 1536w, https:\/\/klausgesprochen.de\/blog\/wp-content\/uploads\/N78_0793b.jpg 1623w\" sizes=\"auto, (max-width: 1024px) 100vw, 1024px\" \/><\/a><figcaption class=\"wp-element-caption\">Mein altgedientes Rad, das ich Anfang der 90er gekauft habe.<\/figcaption><\/figure>\n\n\n\n<figure class=\"wp-block-image size-large\"><a href=\"https:\/\/klausgesprochen.de\/blog\/wp-content\/uploads\/N78_0794b.jpg\"><img loading=\"lazy\" decoding=\"async\" width=\"1024\" height=\"681\" data-id=\"879\" src=\"https:\/\/klausgesprochen.de\/blog\/wp-content\/uploads\/N78_0794b-1024x681.jpg\" alt=\"Uferweg steht unter Wasser\" class=\"wp-image-879\" srcset=\"https:\/\/klausgesprochen.de\/blog\/wp-content\/uploads\/N78_0794b-1024x681.jpg 1024w, https:\/\/klausgesprochen.de\/blog\/wp-content\/uploads\/N78_0794b-300x200.jpg 300w, https:\/\/klausgesprochen.de\/blog\/wp-content\/uploads\/N78_0794b-768x511.jpg 768w, https:\/\/klausgesprochen.de\/blog\/wp-content\/uploads\/N78_0794b-1536x1022.jpg 1536w, https:\/\/klausgesprochen.de\/blog\/wp-content\/uploads\/N78_0794b.jpg 1623w\" sizes=\"auto, (max-width: 1024px) 100vw, 1024px\" \/><\/a><figcaption class=\"wp-element-caption\">Der Uferweg auf der badischen Seite ist seit Wochen (Monaten?) unpassierbar.<\/figcaption><\/figure>\n\n\n\n<figure class=\"wp-block-image size-large\"><a href=\"https:\/\/klausgesprochen.de\/blog\/wp-content\/uploads\/N78_0796b.jpg\"><img loading=\"lazy\" decoding=\"async\" width=\"1024\" height=\"681\" data-id=\"881\" src=\"https:\/\/klausgesprochen.de\/blog\/wp-content\/uploads\/N78_0796b-1024x681.jpg\" alt=\"Weg mit an den Zweigen erkennbarem Wasserstand\" class=\"wp-image-881\" srcset=\"https:\/\/klausgesprochen.de\/blog\/wp-content\/uploads\/N78_0796b-1024x681.jpg 1024w, https:\/\/klausgesprochen.de\/blog\/wp-content\/uploads\/N78_0796b-300x200.jpg 300w, https:\/\/klausgesprochen.de\/blog\/wp-content\/uploads\/N78_0796b-768x511.jpg 768w, https:\/\/klausgesprochen.de\/blog\/wp-content\/uploads\/N78_0796b-1536x1022.jpg 1536w, https:\/\/klausgesprochen.de\/blog\/wp-content\/uploads\/N78_0796b.jpg 1623w\" sizes=\"auto, (max-width: 1024px) 100vw, 1024px\" \/><\/a><figcaption class=\"wp-element-caption\">Am Zweig links kann man erkennen, wie hoch vor dem Damm das Wasser stand.<\/figcaption><\/figure>\n\n\n\n<figure class=\"wp-block-image size-large\"><a href=\"https:\/\/klausgesprochen.de\/blog\/wp-content\/uploads\/N78_0795b.jpg\"><img loading=\"lazy\" decoding=\"async\" width=\"682\" height=\"1024\" data-id=\"880\" src=\"https:\/\/klausgesprochen.de\/blog\/wp-content\/uploads\/N78_0795b-682x1024.jpg\" alt=\"Teich mit B\u00e4umen, die sich im Wasser spiegeln.\" class=\"wp-image-880\" srcset=\"https:\/\/klausgesprochen.de\/blog\/wp-content\/uploads\/N78_0795b-682x1024.jpg 682w, https:\/\/klausgesprochen.de\/blog\/wp-content\/uploads\/N78_0795b-200x300.jpg 200w, https:\/\/klausgesprochen.de\/blog\/wp-content\/uploads\/N78_0795b.jpg 719w\" sizes=\"auto, (max-width: 682px) 100vw, 682px\" \/><\/a><figcaption class=\"wp-element-caption\">Dieser T\u00fcmpel war letztes Jahr um diese Zeit v\u00f6llig ausgetrocknet.<\/figcaption><\/figure>\n\n\n\n<figure class=\"wp-block-image size-large\"><a href=\"https:\/\/klausgesprochen.de\/blog\/wp-content\/uploads\/N78_0814c.jpg\"><img loading=\"lazy\" decoding=\"async\" width=\"1024\" height=\"681\" data-id=\"884\" src=\"https:\/\/klausgesprochen.de\/blog\/wp-content\/uploads\/N78_0814c-1024x681.jpg\" alt=\"Biene auf gelber Bl\u00fcte im Hof.\" class=\"wp-image-884\" srcset=\"https:\/\/klausgesprochen.de\/blog\/wp-content\/uploads\/N78_0814c-1024x681.jpg 1024w, https:\/\/klausgesprochen.de\/blog\/wp-content\/uploads\/N78_0814c-300x200.jpg 300w, https:\/\/klausgesprochen.de\/blog\/wp-content\/uploads\/N78_0814c-768x511.jpg 768w, https:\/\/klausgesprochen.de\/blog\/wp-content\/uploads\/N78_0814c-1536x1022.jpg 1536w, https:\/\/klausgesprochen.de\/blog\/wp-content\/uploads\/N78_0814c.jpg 1623w\" sizes=\"auto, (max-width: 1024px) 100vw, 1024px\" \/><\/a><figcaption class=\"wp-element-caption\">Im Innenhof<\/figcaption><\/figure>\n<\/figure>\n<\/div><\/div>\n","protected":false},"excerpt":{"rendered":"<p>Damit ich bei der Hitze nicht in Versuchung komme, versehentlich eine l\u00e4ngere Tour zu fahren, bin ich mit dem alten Stahlro\u00df los. Mit dabei die Nikon D780 und das Nikkor 60mm Makro. Nur mal eben ein St\u00fcck am Rhein entlang.<\/p>\n","protected":false},"author":5,"featured_media":0,"comment_status":"open","ping_status":"open","sticky":false,"template":"","format":"standard","meta":{"footnotes":"","_share_on_mastodon":"0"},"categories":[9,7],"tags":[],"class_list":["post-882","post","type-post","status-publish","format-standard","hentry","category-fotografie","category-rad"],"share_on_mastodon":{"url":"","error":""},"_links":{"self":[{"href":"https:\/\/klausgesprochen.de\/blog\/wp-json\/wp\/v2\/posts\/882","targetHints":{"allow":["GET"]}}],"collection":[{"href":"https:\/\/klausgesprochen.de\/blog\/wp-json\/wp\/v2\/posts"}],"about":[{"href":"https:\/\/klausgesprochen.de\/blog\/wp-json\/wp\/v2\/types\/post"}],"author":[{"embeddable":true,"href":"https:\/\/klausgesprochen.de\/blog\/wp-json\/wp\/v2\/users\/5"}],"replies":[{"embeddable":true,"href":"https:\/\/klausgesprochen.de\/blog\/wp-json\/wp\/v2\/comments?post=882"}],"version-history":[{"count":1,"href":"https:\/\/klausgesprochen.de\/blog\/wp-json\/wp\/v2\/posts\/882\/revisions"}],"predecessor-version":[{"id":1129,"href":"https:\/\/klausgesprochen.de\/blog\/wp-json\/wp\/v2\/posts\/882\/revisions\/1129"}],"wp:attachment":[{"href":"https:\/\/klausgesprochen.de\/blog\/wp-json\/wp\/v2\/media?parent=882"}],"wp:term":[{"taxonomy":"category","embeddable":true,"href":"https:\/\/klausgesprochen.de\/blog\/wp-json\/wp\/v2\/categories?post=882"},{"taxonomy":"post_tag","embeddable":true,"href":"https:\/\/klausgesprochen.de\/blog\/wp-json\/wp\/v2\/tags?post=882"}],"curies":[{"name":"wp","href":"https:\/\/api.w.org\/{rel}","templated":true}]}}