{"id":9,"date":"2021-05-16T17:55:00","date_gmt":"2021-05-16T15:55:00","guid":{"rendered":"https:\/\/klausgesprochen.de\/blog\/?p=9"},"modified":"2023-11-28T12:39:17","modified_gmt":"2023-11-28T11:39:17","slug":"merkzettel-nachbearbeitung-sprachaufnahmen","status":"publish","type":"post","link":"https:\/\/klausgesprochen.de\/blog\/merkzettel-nachbearbeitung-sprachaufnahmen\/","title":{"rendered":"Merkzettel: Nachbearbeitung Sprachaufnahmen"},"content":{"rendered":"\n<p>Ich benutze das Blog gern, um mir Sachen zu merken. Zum Beispiel mein Standard-Aufnahmesetting. Das ist nat\u00fcrlich nur bei mir (meistens) passend, k\u00f6nnte bei Euch ganz anders einzustellen sein.<\/p>\n\n\n\n<p>Meine Nachbearbeitungskette in Audacity:<\/p>\n\n\n\n<!--more-->\n\n\n\n<p>Versprecher und zu laute Atemger\u00e4usche rausschneiden<\/p>\n\n\n\n<p><em>Korrigieren von mi\u00dflungenen Plosiven (p, t, k)<\/em><br>EQ Lowcut bei 100 hz<br>(siehe auch <a href=\"https:\/\/klausgesprochen.de\/blog\/audiobearbeitung-plosive-korrigieren\/\">Audiobearbeitung: Plosive korrigieren<\/a>)<\/p>\n\n\n\n<p><em>Kompressor<\/em><br>Grenzwert -20<br>Grundrauschen -40<br>Verh\u00e4ltnis 3:1<\/p>\n\n\n\n<p><em>Normalizer<\/em><br>f\u00fcr Podcast-Geschichtenteil -1<br>f\u00fcr Moderation, kom-in-Artikel -2<\/p>\n\n\n\n<p><em>Limiter -1<\/em><\/p>\n\n\n\n<p><strong>EDIT: sp\u00e4ter nicht mehr verwendet !!<\/strong> Neu ab Podcastfolge 42 (noch experimentell): <em>Normalisieren auf -19 LUFS<\/em><br>bei meiner neuen Audacityversion ist das als Werkzeug neu dabei. Lautst\u00e4rke ist ja ein Dauerbrenner beim Thema Mischen (siehe <a href=\"https:\/\/de.wikipedia.org\/wiki\/Loudness_War\">Loudness War<\/a>). So richtig im Griff habe ich das noch nicht; vorerst nur f\u00fcr die Textspur verwendet. Die Musik stelle ich weiterhin nach Geh\u00f6r ein. Soll dem H\u00f6rer mit Kopfh\u00f6rern ja nicht die Trommelfelle maltr\u00e4tieren.<\/p>\n\n\n\n<p><em>Einsprechwinkel (?)<\/em><br>ca. 30 Grad am Mikrophon vorbei (bei beiden).<br>Vermindert verzerrte Plosivlaute und l\u00e4\u00dft mich den Text besser sehen. Ich verwende ja so einen Reflexion-Filter, auch wenn das f\u00fcr viele Aufnahmefachleute Teufelswerk ist. In meinem relativ wenig hallenden Raum funktioniert es wider Erwarten.<\/p>\n\n\n\n<p>Zu heftige Atmer scheide ich raus, \u00e4rgere mich und nehme mir fest vor, bei der n\u00e4chsten Aufnahme besser aufzupassen.<\/p>\n\n\n\n<p>Und das wars dann auch schon an Nachbearbeitung bei meinen Sprachaufnahmen.<\/p>\n\n\n\n<p>Ach ja, vergesst den Spruch \u00bbWe fix it in the mix\u00ab. Was bei der Aufnahme schief l\u00e4uft, kann man hinterher nur mit viel Aufwand etwas verbessern. Wird nie so gut, wie eine bessere Aufnahme. Solange ihr nicht den Tonmeister von Dieter Bohlen zur Verf\u00fcgung habt.<\/p>\n","protected":false},"excerpt":{"rendered":"<p>Ich benutze das Blog gern, um mir Sachen zu merken. Zum Beispiel mein Standard-Aufnahmesetting. Das ist nat\u00fcrlich nur bei mir (meistens) passend, k\u00f6nnte bei Euch ganz anders einzustellen sein. Meine Nachbearbeitungskette in Audacity:<\/p>\n","protected":false},"author":5,"featured_media":0,"comment_status":"open","ping_status":"open","sticky":false,"template":"","format":"standard","meta":{"footnotes":"","_share_on_mastodon":"0"},"categories":[5],"tags":[],"class_list":["post-9","post","type-post","status-publish","format-standard","hentry","category-audo"],"share_on_mastodon":{"url":"","error":""},"_links":{"self":[{"href":"https:\/\/klausgesprochen.de\/blog\/wp-json\/wp\/v2\/posts\/9","targetHints":{"allow":["GET"]}}],"collection":[{"href":"https:\/\/klausgesprochen.de\/blog\/wp-json\/wp\/v2\/posts"}],"about":[{"href":"https:\/\/klausgesprochen.de\/blog\/wp-json\/wp\/v2\/types\/post"}],"author":[{"embeddable":true,"href":"https:\/\/klausgesprochen.de\/blog\/wp-json\/wp\/v2\/users\/5"}],"replies":[{"embeddable":true,"href":"https:\/\/klausgesprochen.de\/blog\/wp-json\/wp\/v2\/comments?post=9"}],"version-history":[{"count":0,"href":"https:\/\/klausgesprochen.de\/blog\/wp-json\/wp\/v2\/posts\/9\/revisions"}],"wp:attachment":[{"href":"https:\/\/klausgesprochen.de\/blog\/wp-json\/wp\/v2\/media?parent=9"}],"wp:term":[{"taxonomy":"category","embeddable":true,"href":"https:\/\/klausgesprochen.de\/blog\/wp-json\/wp\/v2\/categories?post=9"},{"taxonomy":"post_tag","embeddable":true,"href":"https:\/\/klausgesprochen.de\/blog\/wp-json\/wp\/v2\/tags?post=9"}],"curies":[{"name":"wp","href":"https:\/\/api.w.org\/{rel}","templated":true}]}}