{"id":95,"date":"2021-07-15T18:49:52","date_gmt":"2021-07-15T16:49:52","guid":{"rendered":"https:\/\/klausgesprochen.de\/blog\/?p=95"},"modified":"2021-11-23T13:47:14","modified_gmt":"2021-11-23T12:47:14","slug":"wasserstand-rheinsheim-15-juli-2021","status":"publish","type":"post","link":"https:\/\/klausgesprochen.de\/blog\/wasserstand-rheinsheim-15-juli-2021\/","title":{"rendered":"Wasserstand Rheinsheim, 15. Juli 2021"},"content":{"rendered":"\n<p>W\u00e4hrend sich anderswo Stra\u00dfen in Fl\u00fcsse verwandeln, ist der Rheinwasserstand hier bei Rheinsheim auch hoch, aber noch nicht schlimm. Scheint auch abzulaufen.<\/p>\n\n\n\n<figure class=\"wp-block-image size-large\"><img loading=\"lazy\" decoding=\"async\" width=\"1024\" height=\"680\" src=\"https:\/\/klausgesprochen.de\/blog\/wp-content\/uploads\/DSCF5651-1024x680.jpg\" alt=\"Rheinwasserstand\" class=\"wp-image-98\" srcset=\"https:\/\/klausgesprochen.de\/blog\/wp-content\/uploads\/DSCF5651-1024x680.jpg 1024w, https:\/\/klausgesprochen.de\/blog\/wp-content\/uploads\/DSCF5651-300x199.jpg 300w, https:\/\/klausgesprochen.de\/blog\/wp-content\/uploads\/DSCF5651-768x510.jpg 768w, https:\/\/klausgesprochen.de\/blog\/wp-content\/uploads\/DSCF5651-1536x1020.jpg 1536w, https:\/\/klausgesprochen.de\/blog\/wp-content\/uploads\/DSCF5651.jpg 1999w\" sizes=\"auto, (max-width: 1024px) 100vw, 1024px\" \/><figcaption>Hochwasserstand bei Rheinsheim, 15. Juli 2021<\/figcaption><\/figure>\n\n\n\n<figure class=\"wp-block-image size-large\"><img loading=\"lazy\" decoding=\"async\" width=\"1024\" height=\"680\" src=\"https:\/\/klausgesprochen.de\/blog\/wp-content\/uploads\/DSCF5648-1024x680.jpg\" alt=\"Wasser vor dem Damm\" class=\"wp-image-97\" srcset=\"https:\/\/klausgesprochen.de\/blog\/wp-content\/uploads\/DSCF5648-1024x680.jpg 1024w, https:\/\/klausgesprochen.de\/blog\/wp-content\/uploads\/DSCF5648-300x199.jpg 300w, https:\/\/klausgesprochen.de\/blog\/wp-content\/uploads\/DSCF5648-768x510.jpg 768w, https:\/\/klausgesprochen.de\/blog\/wp-content\/uploads\/DSCF5648-1536x1020.jpg 1536w, https:\/\/klausgesprochen.de\/blog\/wp-content\/uploads\/DSCF5648.jpg 1999w\" sizes=\"auto, (max-width: 1024px) 100vw, 1024px\" \/><\/figure>\n\n\n\n<p>Zum Vergleich hier der Stand im <strong>Februar 2021<\/strong>. Das Ufer ist eigentlich dort, wo man neben dem Schiff das rotwei\u00dfe Schild sieht. Wohlgemerkt ist das noch alles vor dem Damm.<\/p>\n\n\n\n<figure class=\"wp-block-image size-large\"><img loading=\"lazy\" decoding=\"async\" width=\"1024\" height=\"680\" src=\"https:\/\/klausgesprochen.de\/blog\/wp-content\/uploads\/DSCF5575.jpg\" alt=\"Hochwasser Februar 2021\" class=\"wp-image-94\" srcset=\"https:\/\/klausgesprochen.de\/blog\/wp-content\/uploads\/DSCF5575.jpg 1024w, https:\/\/klausgesprochen.de\/blog\/wp-content\/uploads\/DSCF5575-300x199.jpg 300w, https:\/\/klausgesprochen.de\/blog\/wp-content\/uploads\/DSCF5575-768x510.jpg 768w\" sizes=\"auto, (max-width: 1024px) 100vw, 1024px\" \/><figcaption>Hochwasser bei Rheinsheim, Februar 2021<\/figcaption><\/figure>\n","protected":false},"excerpt":{"rendered":"<p>W\u00e4hrend sich anderswo Stra\u00dfen in Fl\u00fcsse verwandeln, ist der Rheinwasserstand hier bei Rheinsheim auch hoch, aber noch nicht schlimm. Scheint auch abzulaufen. Zum Vergleich hier der Stand im Februar 2021. Das Ufer ist eigentlich dort, wo man neben dem Schiff das rotwei\u00dfe Schild sieht. Wohlgemerkt ist das noch alles vor dem Damm.<\/p>\n","protected":false},"author":5,"featured_media":0,"comment_status":"open","ping_status":"open","sticky":false,"template":"","format":"standard","meta":{"footnotes":"","_share_on_mastodon":"0"},"categories":[9],"tags":[],"class_list":["post-95","post","type-post","status-publish","format-standard","hentry","category-fotografie"],"share_on_mastodon":{"url":"","error":""},"_links":{"self":[{"href":"https:\/\/klausgesprochen.de\/blog\/wp-json\/wp\/v2\/posts\/95","targetHints":{"allow":["GET"]}}],"collection":[{"href":"https:\/\/klausgesprochen.de\/blog\/wp-json\/wp\/v2\/posts"}],"about":[{"href":"https:\/\/klausgesprochen.de\/blog\/wp-json\/wp\/v2\/types\/post"}],"author":[{"embeddable":true,"href":"https:\/\/klausgesprochen.de\/blog\/wp-json\/wp\/v2\/users\/5"}],"replies":[{"embeddable":true,"href":"https:\/\/klausgesprochen.de\/blog\/wp-json\/wp\/v2\/comments?post=95"}],"version-history":[{"count":0,"href":"https:\/\/klausgesprochen.de\/blog\/wp-json\/wp\/v2\/posts\/95\/revisions"}],"wp:attachment":[{"href":"https:\/\/klausgesprochen.de\/blog\/wp-json\/wp\/v2\/media?parent=95"}],"wp:term":[{"taxonomy":"category","embeddable":true,"href":"https:\/\/klausgesprochen.de\/blog\/wp-json\/wp\/v2\/categories?post=95"},{"taxonomy":"post_tag","embeddable":true,"href":"https:\/\/klausgesprochen.de\/blog\/wp-json\/wp\/v2\/tags?post=95"}],"curies":[{"name":"wp","href":"https:\/\/api.w.org\/{rel}","templated":true}]}}