{"id":996,"date":"2025-05-13T20:00:29","date_gmt":"2025-05-13T18:00:29","guid":{"rendered":"https:\/\/klausgesprochen.de\/blog\/?p=996"},"modified":"2025-05-13T20:00:29","modified_gmt":"2025-05-13T18:00:29","slug":"leuchtmittel","status":"publish","type":"post","link":"https:\/\/klausgesprochen.de\/blog\/leuchtmittel\/","title":{"rendered":"Leuchtmittel"},"content":{"rendered":"\n<p>Damit ich es nicht vergesse: Beleuchtung im Arbeitszimmer mit 6.500 K ist am fr\u00fchen Morgen ziemlich \u00e4tzend. Besser und trotzdem nicht zu r\u00f6tlich sind 4.000 K (mit 1521 lm und 11 W LED, entspricht 100 W).<\/p>\n","protected":false},"excerpt":{"rendered":"<p>Damit ich es nicht vergesse: Beleuchtung im Arbeitszimmer mit 6.500 K ist am fr\u00fchen Morgen ziemlich \u00e4tzend. Besser und trotzdem nicht zu r\u00f6tlich sind 4.000 K (mit 1521 lm und 11 W LED, entspricht 100 W).<\/p>\n","protected":false},"author":5,"featured_media":0,"comment_status":"open","ping_status":"open","sticky":false,"template":"","format":"standard","meta":{"footnotes":"","_share_on_mastodon":"0"},"categories":[1],"tags":[],"class_list":["post-996","post","type-post","status-publish","format-standard","hentry","category-allgemein"],"share_on_mastodon":{"url":"","error":""},"_links":{"self":[{"href":"https:\/\/klausgesprochen.de\/blog\/wp-json\/wp\/v2\/posts\/996","targetHints":{"allow":["GET"]}}],"collection":[{"href":"https:\/\/klausgesprochen.de\/blog\/wp-json\/wp\/v2\/posts"}],"about":[{"href":"https:\/\/klausgesprochen.de\/blog\/wp-json\/wp\/v2\/types\/post"}],"author":[{"embeddable":true,"href":"https:\/\/klausgesprochen.de\/blog\/wp-json\/wp\/v2\/users\/5"}],"replies":[{"embeddable":true,"href":"https:\/\/klausgesprochen.de\/blog\/wp-json\/wp\/v2\/comments?post=996"}],"version-history":[{"count":1,"href":"https:\/\/klausgesprochen.de\/blog\/wp-json\/wp\/v2\/posts\/996\/revisions"}],"predecessor-version":[{"id":997,"href":"https:\/\/klausgesprochen.de\/blog\/wp-json\/wp\/v2\/posts\/996\/revisions\/997"}],"wp:attachment":[{"href":"https:\/\/klausgesprochen.de\/blog\/wp-json\/wp\/v2\/media?parent=996"}],"wp:term":[{"taxonomy":"category","embeddable":true,"href":"https:\/\/klausgesprochen.de\/blog\/wp-json\/wp\/v2\/categories?post=996"},{"taxonomy":"post_tag","embeddable":true,"href":"https:\/\/klausgesprochen.de\/blog\/wp-json\/wp\/v2\/tags?post=996"}],"curies":[{"name":"wp","href":"https:\/\/api.w.org\/{rel}","templated":true}]}}